{"id":254,"date":"2026-03-11T20:57:39","date_gmt":"2026-03-11T18:57:39","guid":{"rendered":"https:\/\/noca.art\/?p=254"},"modified":"2026-03-18T18:05:19","modified_gmt":"2026-03-18T16:05:19","slug":"konnyek-melyek-nevetnek-nevetes-mely-sir","status":"publish","type":"post","link":"https:\/\/noca.art\/hu\/lacrimi-care-rad-rasete-care-plang\/","title":{"rendered":"Nevet\u0151 k\u00f6nnyek, s\u00edr\u00f3 nevet\u00e9sek"},"content":{"rendered":"<p>Mi kell ahhoz, hogy els\u00edrjuk magunkat egy m\u0171alkot\u00e1s el\u0151tt \u00e1llva?<br \/>\nMi v\u00e1lt ki nevet\u00e9st a jelenl\u00e9t\u00e9ben?<br \/>\nTal\u00e1n egy zsigeri \u00f6szt\u00f6n, egy spont\u00e1n reakci\u00f3, egy eml\u00e9k, vagy tal\u00e1n egy furcsa nosztalgia valami ir\u00e1nt, ami m\u00e9g nem t\u00f6rt\u00e9nt meg.<br \/>\nMikor hullatnak k\u00f6nnyeket nyilv\u00e1nosan?<br \/>\nMilyen nevet\u00e9s marad a f\u00fcgg\u00f6ny m\u00f6g\u00f6tt, a szem\u00e9lyes terekben?<br \/>\nMikor egyes\u00fcl a kuncog\u00e1s a s\u00f3hajokkal?<br \/>\nNevet\u0151 k\u00f6nnyek, s\u00edr\u00f3 nevet\u00e9sek c\u00edm\u0171 ki\u00e1ll\u00edt\u00e1sunk a s\u00edr\u00e1s \u00e9s a nevet\u00e9s sokr\u00e9t\u0171 aspektusait t\u00e1rja fel, mintegy h\u00fasz, gener\u00e1ci\u00f3kon \u00e1t\u00edvel\u0151 \u00e9s multikultur\u00e1lis m\u0171v\u00e9szeti \u00e1ll\u00e1sfoglal\u00e1s seg\u00edts\u00e9g\u00e9vel. A ki\u00e1ll\u00edt\u00e1s e k\u00e9t er\u0151teljes \u00e9rzelmi megnyilv\u00e1nul\u00e1s k\u00f6z\u00f6tti fesz\u00fclts\u00e9get vizsg\u00e1lja, mik\u00f6zben nem ellent\u00e9tekk\u00e9nt, hanem transzformat\u00edv, v\u00e1ltoz\u00e9kony \u00e9s m\u00e9lyen relacion\u00e1lis gesztusokk\u00e9nt kezeli \u0151ket. A k\u00f6nnyek humort hordozhatnak magukban, a nevet\u00e9s pedig ak\u00e1r az \u00e9rzelmi \u00f6sszeoml\u00e1s fel\u00e9 is elcs\u00faszhat. Mindkett\u0151 nyelven t\u00fali, testi reakci\u00f3, amelyet kultur\u00e1lis k\u00f3dok, ritu\u00e1l\u00e9k \u00e9s interakci\u00f3k alak\u00edtanak.<\/p>\n<p>T\u00f6rt\u00e9nelmileg a s\u00edr\u00e1s r\u00e9g\u00f3ta feminiz\u00e1lt jelens\u00e9g, meger\u0151s\u00edtve az \u00e9rzelmek kifejez\u00e9s\u00e9r\u0151l sz\u00f3l\u00f3 nemi szerepeket. A nevet\u00e9st ezzel szemben gyakran a kritikai gondolkod\u00e1ssal \u00e9s az intellektu\u00e1lis kontrollal t\u00e1rs\u00edtott\u00e1k. Ebben a szereposzt\u00e1sban a f\u00e9rfiakat a racionalit\u00e1s \u00e9s az \u00f6nuralom alakjaik\u00e9nt \u00e1br\u00e1zolt\u00e1k, akik alkalmasak a nyilv\u00e1nos szf\u00e9r\u00e1ra, m\u00edg a n\u0151ket a csal\u00e1di szf\u00e9r\u00e1ba sz\u00e1m\u0171zt\u00e9k, ahol az \u00e9rz\u00e9kenys\u00e9get \u00e9s a gyeng\u00e9ds\u00e9get gyenges\u00e9gk\u00e9nt \u00e9rtelmezt\u00e9k. A n\u0151i testhez kapcsol\u00f3d\u00f3 melodramatikus aur\u00e1t, amely m\u00e9g mindig l\u00e1that\u00f3 a hagyom\u00e1nyos gyakorlatokban, p\u00e9ld\u00e1ul a gy\u00e1szol\u00f3k felb\u00e9rl\u00e9s\u00e9ben, a 20. \u00e9s 21. sz\u00e1zad eleji feminista mozgalmak megk\u00e9rd\u0151jelezt\u00e9k, amelyek egy auton\u00f3m n\u0151i hangot fogalmaztak meg, amely elt\u00e9r a patriarch\u00e1lis perspekt\u00edv\u00e1t\u00f3l. A folyamat sor\u00e1n a n\u0151k k\u00e9p\u00e9t visszaszerezt\u00e9k a f\u00e9rfi tekintet \u00e1ltal uralt reprezent\u00e1ci\u00f3kt\u00f3l, hozz\u00e1j\u00e1rulva a hatalmi viszonyok \u00e1talakul\u00e1s\u00e1hoz \u00e9s az \u00e9rzelmek \u00f6sszetettebb eloszl\u00e1s\u00e1hoz az egyre \u00e1rnyaltabb nemi spektrumon bel\u00fcl.<\/p>\n<p>A ki\u00e1ll\u00edt\u00e1s megnyitja a nevet\u00e9s \u00e9s a k\u00f6nnyek k\u00f6z\u00f6tti teret, \u00e9s arra \u00f6szt\u00f6nzi a k\u00f6z\u00f6ns\u00e9get, hogy \u00fajragondolj\u00e1k az \u00e9rzelmekkel, k\u00fcl\u00f6n\u00f6sen a korl\u00e1toz\u00f3 nemi szerepekkel kapcsolatos el\u0151\u00edt\u00e9leteiket. A ki\u00e1ll\u00edt\u00e1son l\u00e1that\u00f3 m\u0171vek lebontj\u00e1k a mag\u00e1n- \u00e9s a nyilv\u00e1nos, a racion\u00e1lis \u00e9s az \u00e9rzelmes, a f\u00e9rfias \u00e9s a n\u0151ies kett\u0151ss\u00e9get, term\u00e9keny s\u00farl\u00f3d\u00e1sokat gener\u00e1lva az \u00f6sszeoml\u00e1s \u00e9s a felszabadul\u00e1s, a szat\u00edra \u00e9s a gy\u00e1sz, a gyeng\u00e9ds\u00e9g \u00e9s a harag k\u00f6z\u00f6tt.<\/p>\n<p>A s\u00edr\u00e1s \u00edgy nemcsak a t\u00f6r\u00e9kenys\u00e9g kifejez\u0151d\u00e9sek\u00e9nt jelenik meg, hanem a hatalom egyik form\u00e1jak\u00e9nt is.<\/p>\n<p>A nevet\u00e9s nemcsak a kritika vagy az intellektu\u00e1lis reflexi\u00f3 eszk\u00f6ze, hanem a szeretet megnyilv\u00e1nul\u00e1sa is.<\/p>\n<p>\u00d6sszefon\u00f3d\u00e1suk elutas\u00edt minden merev oszt\u00e1lyoz\u00e1st, \u00e9s felt\u00e1rja a k\u00f6zt\u00fck l\u00e9v\u0151 \u00e9rz\u00e9keny \u00e9s \u00f6sszetett kapcsolatot.<\/p>\n<p>Egy olyan t\u00e1rsadalmi-politikai k\u00f6rnyezetben, ahol az \u00e9rzelmek egyre ink\u00e1bb mozg\u00f3s\u00edthat\u00f3k, feler\u0151s\u00f6dnek \u00e9s instrumentaliz\u00e1l\u00f3dnak, a ki\u00e1ll\u00edt\u00e1s m\u0171vei m\u00e1s lehet\u0151s\u00e9gek fel\u00e9 ir\u00e1ny\u00edtj\u00e1k az \u00e9rz\u00e9kenys\u00e9get. Olyan kontextusokat teremtenek, amelyekben a n\u00e9z\u0151k reflekt\u00e1lhatnak \u00e9s meg\u00e9lhetik a bizonytalans\u00e1got, \u00e9rz\u00e9kelve, hogyan \u00e1ramlanak az \u00e9rzelmek a k\u00e9pek, a testek \u00e9s a t\u00e9r k\u00f6z\u00f6tt.<\/p>\n<p>A ki\u00e1ll\u00edt\u00e1s k\u00e9t univerz\u00e1lis \u00e9rzelem \u00e1rnyalatait \u00e9s intenzit\u00e1s\u00e1t bontakoztatja ki, t\u00fall\u00e9pve a hozz\u00e1juk kapcsol\u00f3d\u00f3 hat\u00e1rokon \u00e9s el\u0151\u00edt\u00e9leteken, \u00e9s aktiv\u00e1lva generat\u00edv potenci\u00e1ljukat a nemen, kult\u00far\u00e1n vagy koron t\u00fal. Szobr\u00e1szat, rajz, fest\u00e9szet, ker\u00e1mia, vide\u00f3 \u00e9s performansz r\u00e9v\u00e9n a r\u00e9szt vev\u0151 m\u0171v\u00e9szek t\u00f6bb tal\u00e1lkoz\u00e1si pontot nyitnak meg, ahol a k\u00f6nnyek \u00e9s a nevet\u00e9s metszik egym\u00e1st, \u00e9s a k\u00f6zt\u00fck l\u00e9v\u0151 hat\u00e1rok felold\u00f3dnak.<\/p>\n<p><span style=\"font-weight: 400;\">M\u0171v\u00e9szek:<\/span><\/p>\n<div style=\"line-height:1.4;\">\n<b>Ana Prva\u010dki<\/b> <span style=\"font-weight:400;\">(Szerbia \/ Rom\u00e1nia)<\/span><br \/>\n<b>Anca Munteanu Rimnic<\/b> <span style=\"font-weight:400;\">(Rom\u00e1nia)<\/span><br \/>\n<b>Melodramatikus Kutat\u00f3iroda<\/b> <span style=\"font-weight:400;\">(Rom\u00e1nia)<\/span><br \/>\n<b>Keresztesi Botond<\/b> <span style=\"font-weight:400;\">(Rom\u00e1nia \/ Magyarorsz\u00e1g)<\/span><br \/>\n<b>Daria Koltsova<\/b> <span style=\"font-weight:400;\">(Ukrajna)<\/span><br \/>\n<b>Dusan Ota\u0161evi\u0107<\/b> <span style=\"font-weight:400;\">(Szerbia)<\/span><br \/>\n<b>Ecaterina Vrana<\/b> <span style=\"font-weight:400;\">(Rom\u00e1nia)<\/span><br \/>\n<b>Erwin Wurm<\/b> <span style=\"font-weight:400;\">(Ausztria)<\/span><br \/>\n<b>Gilbert \u00e9s George<\/b> <span style=\"font-weight:400;\">(Egyes\u00fclt Kir\u00e1lys\u00e1g)<\/span><br \/>\n<b>Julie B\u00e9na<\/b> <span style=\"font-weight:400;\">(Franciaorsz\u00e1g \/ Csehorsz\u00e1g)<\/span><br \/>\n<b>Laila Farca\u0219-Ionescu<\/b> <span style=\"font-weight:400;\">(Rom\u00e1nia)<\/span><br \/>\n<b>Maru\u0161a Sagadin<\/b> <span style=\"font-weight:400;\">(Szlov\u00e9nia \/ Ausztria)<\/span><br \/>\n<b>Megan Dominescu<\/b> <span style=\"font-weight:400;\">(Rom\u00e1nia)<\/span><br \/>\n<b>Omara Mara Ol\u00e1h<\/b> <span style=\"font-weight:400;\">(Magyarorsz\u00e1g)<\/span><br \/>\n<b>Pandele Pandele<\/b> <span style=\"font-weight:400;\">(Rom\u00e1nia)<\/span><br \/>\n<b>Paulo Wirz<\/b> <span style=\"font-weight:400;\">(Braz\u00edlia \/ Sv\u00e1jc)<\/span><br \/>\n<b>L\u0151rincz R\u00e9ka<\/b> <span style=\"font-weight:400;\">(Magyarorsz\u00e1g)<\/span><br \/>\n<b>V\u00e9kony Dorottya<\/b> <span style=\"font-weight:400;\">(Magyarorsz\u00e1g)<\/span><br \/>\n<b>Roman Tolici<\/b> <span style=\"font-weight:400;\">(Moldovai K\u00f6zt\u00e1rsas\u00e1g \/ Rom\u00e1nia)<\/span><br \/>\n<b>R\u00f3za El-Hassan<\/b> <span style=\"font-weight:400;\">(Magyarorsz\u00e1g)<\/span><br \/>\n<b>Siggi Sekira<\/b> <span style=\"font-weight:400;\">(Ukrajna \/ Ausztria)<\/span>\n<\/div>","protected":false},"excerpt":{"rendered":"<p>Nevet\u0151 k\u00f6nnyek, s\u00edr\u00f3 nevet\u00e9sek c\u00edm\u0171 ki\u00e1ll\u00edt\u00e1sunk a s\u00edr\u00e1s \u00e9s a nevet\u00e9s sokr\u00e9t\u0171 aspektusait t\u00e1rja fel, mintegy h\u00fasz, gener\u00e1ci\u00f3kon \u00e1t\u00edvel\u0151 \u00e9s multikultur\u00e1lis m\u0171v\u00e9szeti \u00e1ll\u00e1sfoglal\u00e1s seg\u00edts\u00e9g\u00e9vel. A ki\u00e1ll\u00edt\u00e1s e k\u00e9t er\u0151teljes \u00e9rzelmi megnyilv\u00e1nul\u00e1s k\u00f6z\u00f6tti fesz\u00fclts\u00e9get vizsg\u00e1lja, mik\u00f6zben nem ellent\u00e9tekk\u00e9nt, hanem transzformat\u00edv, v\u00e1ltoz\u00e9kony \u00e9s m\u00e9lyen relacion\u00e1lis gesztusokk\u00e9nt kezeli \u0151ket. A k\u00f6nnyek humort hordozhatnak magukban, a nevet\u00e9s pedig ak\u00e1r az \u00e9rzelmi \u00f6sszeoml\u00e1s fel\u00e9 is elcs\u00faszhat. Mindkett\u0151 nyelven t\u00fali, testi reakci\u00f3, amelyet kultur\u00e1lis k\u00f3dok, ritu\u00e1l\u00e9k \u00e9s interakci\u00f3k alak\u00edtanak.<\/p>","protected":false},"author":1,"featured_media":337,"comment_status":"closed","ping_status":"closed","sticky":false,"template":"","format":"standard","meta":{"_acf_changed":false,"footnotes":""},"categories":[21,20],"tags":[],"class_list":["post-254","post","type-post","status-publish","format-standard","has-post-thumbnail","hentry","category-expozitia-curenta","category-expozitii"],"acf":[],"aioseo_notices":[],"_links":{"self":[{"href":"https:\/\/noca.art\/hu\/wp-json\/wp\/v2\/posts\/254","targetHints":{"allow":["GET"]}}],"collection":[{"href":"https:\/\/noca.art\/hu\/wp-json\/wp\/v2\/posts"}],"about":[{"href":"https:\/\/noca.art\/hu\/wp-json\/wp\/v2\/types\/post"}],"author":[{"embeddable":true,"href":"https:\/\/noca.art\/hu\/wp-json\/wp\/v2\/users\/1"}],"replies":[{"embeddable":true,"href":"https:\/\/noca.art\/hu\/wp-json\/wp\/v2\/comments?post=254"}],"version-history":[{"count":3,"href":"https:\/\/noca.art\/hu\/wp-json\/wp\/v2\/posts\/254\/revisions"}],"predecessor-version":[{"id":350,"href":"https:\/\/noca.art\/hu\/wp-json\/wp\/v2\/posts\/254\/revisions\/350"}],"wp:featuredmedia":[{"embeddable":true,"href":"https:\/\/noca.art\/hu\/wp-json\/wp\/v2\/media\/337"}],"wp:attachment":[{"href":"https:\/\/noca.art\/hu\/wp-json\/wp\/v2\/media?parent=254"}],"wp:term":[{"taxonomy":"category","embeddable":true,"href":"https:\/\/noca.art\/hu\/wp-json\/wp\/v2\/categories?post=254"},{"taxonomy":"post_tag","embeddable":true,"href":"https:\/\/noca.art\/hu\/wp-json\/wp\/v2\/tags?post=254"}],"curies":[{"name":"munkaf\u00fczet","href":"https:\/\/api.w.org\/{rel}","templated":true}]}}